{"id":42032,"date":"2019-11-12T00:00:00","date_gmt":"2019-11-12T00:00:00","guid":{"rendered":"http:\/\/creative.styleappetite.com\/fokus-nachhaltigkeit-sandqvist\/"},"modified":"2024-01-22T16:29:01","modified_gmt":"2024-01-22T16:29:01","slug":"fokus-nachhaltigkeit-sandqvist","status":"publish","type":"post","link":"https:\/\/styleappetite.com\/de\/fokus-nachhaltigkeit-sandqvist\/","title":{"rendered":"Fokus Nachhaltigkeit: Sandqvist"},"content":{"rendered":"<p><!--more--><img loading=\"lazy\" decoding=\"async\" class=\"aligncenter wp-image-13597 size-full\" title=\"fokus-nachhaltigkeit-sandqvist-sustainability\" src=\"https:\/\/storage.googleapis.com\/stateless-styleappetite-com\/2019\/11\/DSC_1155.jpg\" alt=\"\" width=\"1920\" height=\"2795\" \/><\/p>\n<h1>Fokus Nachhaltigkeit: Sandqvist<\/h1>\n<p style=\"text-align: justify\"><span style=\"font-size: 14pt\">Sandqvist wurde im Jahr 2004 gegruendet &#8211; urspruenglich als ein experimentelles Projekt von drei Jugendfreunden. Was als kleine Idee unter Freunden begann, entwickelte sich schon bald zu einer ganzheitlichen Idee: naemlich Praktikabilitaet mit schaenem Design und Nachhaltigkeit zu verbinden. Dieses Ziel wird auch in der Unternehmensvision von Sandqvist deutlich:\u00ca<\/span><\/p>\n<p style=\"text-align: center\"><span style=\"font-size: 14pt\"><em>&#8222;Always a focus on challenging the role of functionality in design and practicing sustainability and respect for the environment at all times without compromising the aesthetics.&#8220;<\/em><\/span><\/p>\n<p style=\"text-align: justify\"><span style=\"font-size: 14pt\">Umso bemerkenswerter ist diese Vision, wenn man bedenkt, dass die drei Firmengruender bereits vor 15 Jahren ihren Fokus auf Nachhaltigkeit und Umweltbewusstsein legten.\u00ca<\/span><\/p>\n<p style=\"text-align: justify\"><span style=\"font-size: 14pt\"><img loading=\"lazy\" decoding=\"async\" class=\"aligncenter wp-image-13607 size-full\" title=\"fokus-nachhaltigkeit-sandqvist-sustainability\" src=\"https:\/\/storage.googleapis.com\/stateless-styleappetite-com\/2019\/11\/collage-01-1.jpg\" alt=\"\" width=\"1920\" height=\"1440\" \/>\u00ca<\/span><\/p>\n<h2>Sandqvist &amp; Umweltbewusstsein<\/h2>\n<p style=\"text-align: justify\"><span style=\"font-size: 14pt\">Ein wichtiger Punkt fuer den aekologischen Fu\u00a7abdruck stellen in der Textilindustrie vor allem der Transport der Waren dar. Sandqvist setzt hierbei auf die umweltfreundlichsten Transportvarianten, die maeglich sind.\u00ca<\/span><\/p>\n<p style=\"text-align: justify\"><span style=\"font-size: 14pt\">Au\u00a7erdem wird der Wasserverbauch waehrend der Produktion minimiert -u.a. durch Reduktion der Chemikalien sowie die Wiederverwendung des Wassers. <\/span><\/p>\n<p style=\"text-align: justify\"><span style=\"font-size: 14pt\">Neben einer komplett transparenten Supply Chain setzt Sandqvist also auf verschiedene Faktoren fuer mehr Umweltbewusstsein &#8211; bei Bedarf kaennt ihr <a href=\"https:\/\/www.sandqvist.com\/en\/sustainability\" target=\"_blank\" rel=\"nofollow noopener noreferrer\">hier noch mehr dazu nachlesen.\u00ca<\/a><\/span><\/p>\n<p style=\"text-align: justify\"><span style=\"font-size: 14pt\">Im heutigen Post stelle ich euch zwei Modelle von Sandqvist vor: zum einen die geraeumige Leder- Tote Bag &#8222;Jeffrey&#8220; in schwarz und zum anderen die kleine Belt Bag &#8222;Florens&#8220; im satten Orange-Rot.\u00ca<\/span><\/p>\n<p><img loading=\"lazy\" decoding=\"async\" class=\"aligncenter wp-image-13606 size-full\" title=\"fokus-nachhaltigkeit-sandqvist-sustainability\" src=\"https:\/\/storage.googleapis.com\/stateless-styleappetite-com\/2019\/11\/collage-04.jpg\" alt=\"\" width=\"1920\" height=\"1440\" \/><\/p>\n<p style=\"text-align: justify\"><em><span style=\"font-size: 14pt\">I&#8217;m wearing: <a href=\"https:\/\/www.sandqvist.com\/en\/p\/jeffrey-black\" target=\"_blank\" rel=\"nofollow noopener noreferrer\">Sandqvist Jeffrey black tote bag<\/a> | H&amp;M <a href=\"http:\/\/bit.ly\/2Pn1cjY\" target=\"_blank\" rel=\"nofollow noopener noreferrer\">faux leather jacket and pants (similar)<\/a> | Mango booties | <a href=\"https:\/\/annemanns.com\/collections\/pre-order\/products\/edeltraud-earrings\" target=\"_blank\" rel=\"nofollow noopener noreferrer\">Anne Manns &#8222;The Pea &#8211; Edeltraud&#8220; earrings\u00ca<\/a><\/span><\/em><\/p>\n<p><img loading=\"lazy\" decoding=\"async\" class=\"aligncenter wp-image-13595 size-full\" title=\"fokus-nachhaltigkeit-sandqvist-sustainability\" src=\"https:\/\/storage.googleapis.com\/stateless-styleappetite-com\/2019\/11\/DSC_1149.jpg\" alt=\"\" width=\"1920\" height=\"2880\" \/><\/p>\n<p><img loading=\"lazy\" decoding=\"async\" class=\"aligncenter wp-image-13605\" title=\"fokus-nachhaltigkeit-sandqvist-sustainability\" src=\"https:\/\/storage.googleapis.com\/stateless-styleappetite-com\/2019\/11\/DSC_1207.jpg\" alt=\"\" width=\"700\" height=\"1050\" \/>\u00ca\u00ca\u00ca <img loading=\"lazy\" decoding=\"async\" class=\"aligncenter wp-image-13591 size-full\" title=\"fokus-nachhaltigkeit-sandqvist-sustainability\" src=\"https:\/\/storage.googleapis.com\/stateless-styleappetite-com\/2019\/11\/DSC_1141.jpg\" alt=\"\" width=\"1920\" height=\"2880\" \/><\/p>\n<p><img loading=\"lazy\" decoding=\"async\" class=\"aligncenter wp-image-13579\" title=\"fokus-nachhaltigkeit-sandqvist-sustainability\" src=\"https:\/\/storage.googleapis.com\/stateless-styleappetite-com\/2019\/11\/DSC_0072.jpg\" alt=\"\" width=\"700\" height=\"907\" \/><\/p>\n<p><img loading=\"lazy\" decoding=\"async\" class=\"aligncenter wp-image-13581 size-full\" title=\"fokus-nachhaltigkeit-sandqvist-sustainability\" src=\"https:\/\/storage.googleapis.com\/stateless-styleappetite-com\/2019\/11\/DSC_0079.jpg\" alt=\"\" width=\"1920\" height=\"2527\" \/><\/p>\n<p style=\"text-align: justify\"><em><span style=\"font-size: 14pt\">I&#8217;m wearing: <a href=\"https:\/\/www.sandqvist.com\/en\/p\/florens-red-with-dark-brown-interior\" target=\"_blank\" rel=\"nofollow noopener noreferrer\">Sandqvist Florens bum bag<\/a> | <a href=\"http:\/\/bit.ly\/2M1zZzx\" target=\"_blank\" rel=\"nofollow noopener noreferrer\">&amp; other stories wool coat<\/a> | Next Leather Overknee boots\u00ca<\/span><\/em><\/p>\n<p><img loading=\"lazy\" decoding=\"async\" class=\"aligncenter wp-image-13608 size-full\" title=\"fokus-nachhaltigkeit-sandqvist-sustainability\" src=\"https:\/\/storage.googleapis.com\/stateless-styleappetite-com\/2019\/11\/collage-03-1.jpg\" alt=\"\" width=\"1920\" height=\"1440\" \/> <img loading=\"lazy\" decoding=\"async\" class=\"aligncenter wp-image-13576 size-full\" title=\"fokus-nachhaltigkeit-sandqvist-sustainability\" src=\"https:\/\/storage.googleapis.com\/stateless-styleappetite-com\/2019\/11\/DSC_0067.jpg\" alt=\"\" width=\"1920\" height=\"2776\" \/><\/p>\n","protected":false},"excerpt":{"rendered":"","protected":false},"author":2,"featured_media":37713,"comment_status":"open","ping_status":"open","sticky":false,"template":"","format":"standard","meta":{"_acf_changed":false,"footnotes":""},"categories":[4008],"tags":[],"class_list":["post-42032","post","type-post","status-publish","format-standard","has-post-thumbnail","hentry","category-fashion-de","generate-columns","tablet-grid-50","mobile-grid-100","grid-parent","grid-33","no-featured-image-padding"],"acf":[],"_links":{"self":[{"href":"https:\/\/styleappetite.com\/de\/wp-json\/wp\/v2\/posts\/42032"}],"collection":[{"href":"https:\/\/styleappetite.com\/de\/wp-json\/wp\/v2\/posts"}],"about":[{"href":"https:\/\/styleappetite.com\/de\/wp-json\/wp\/v2\/types\/post"}],"author":[{"embeddable":true,"href":"https:\/\/styleappetite.com\/de\/wp-json\/wp\/v2\/users\/2"}],"replies":[{"embeddable":true,"href":"https:\/\/styleappetite.com\/de\/wp-json\/wp\/v2\/comments?post=42032"}],"version-history":[{"count":0,"href":"https:\/\/styleappetite.com\/de\/wp-json\/wp\/v2\/posts\/42032\/revisions"}],"wp:featuredmedia":[{"embeddable":true,"href":"https:\/\/styleappetite.com\/de\/wp-json\/wp\/v2\/media\/37713"}],"wp:attachment":[{"href":"https:\/\/styleappetite.com\/de\/wp-json\/wp\/v2\/media?parent=42032"}],"wp:term":[{"taxonomy":"category","embeddable":true,"href":"https:\/\/styleappetite.com\/de\/wp-json\/wp\/v2\/categories?post=42032"},{"taxonomy":"post_tag","embeddable":true,"href":"https:\/\/styleappetite.com\/de\/wp-json\/wp\/v2\/tags?post=42032"}],"curies":[{"name":"wp","href":"https:\/\/api.w.org\/{rel}","templated":true}]}}