{"id":42057,"date":"2019-08-22T00:00:00","date_gmt":"2019-08-22T00:00:00","guid":{"rendered":"http:\/\/creative.styleappetite.com\/fokus-nachhaltigkeit-blanche\/"},"modified":"2024-01-22T16:29:06","modified_gmt":"2024-01-22T16:29:06","slug":"fokus-nachhaltigkeit-blanche","status":"publish","type":"post","link":"https:\/\/styleappetite.com\/de\/fokus-nachhaltigkeit-blanche\/","title":{"rendered":"Fokus Nachhaltigkeit: Blanche"},"content":{"rendered":"<p><!--more--><\/p>\n<p><img loading=\"lazy\" decoding=\"async\" class=\"aligncenter wp-image-12867 size-full\" title=\"style-appetite-fokus-nachhaltigkeit-blanche\" src=\"https:\/\/storage.googleapis.com\/stateless-styleappetite-com\/2019\/08\/DSC_0451.jpg\" alt=\"\" width=\"1920\" height=\"2880\" \/><\/p>\n<h1>Fokus Nachhaltigkeit: Blanche<\/h1>\n<p style=\"text-align: justify\"><span style=\"font-size: 14pt\">Gerade rechtzeitig nach Beendigung der Kopenhagen Fashion Week gibt es heute passend dazu einen neuen Nachhaltigkeits-Post ueber das daenische Label Blanche. <\/span><\/p>\n<p style=\"text-align: justify\"><span style=\"font-size: 14pt\">Blanche startete 2017 urspruenglich als Denim-Label und wurde von Mette Fredin und Melissa Bech gegruendet, die euch eventuell bekannt vorkommen maegen <em>(dank ihrer super stylischen Insta-Accounts zum Beispiel)<\/em>. <\/span><\/p>\n<p style=\"text-align: justify\"><span style=\"font-size: 14pt\">Seitdem hat sich das Angebot des Labels um Ready to wear Kollektionen sowie das &#8218;Atelier Blanche&#8216; erweitert. Und da Nachhaltigkeit im Moment ein ziemliches Buzzword geworden ist, stellt Blanche direkt klar, dass es fuer sie keine Modeerscheinung sondern fest in der DNA der Marke verankert ist: <\/span><\/p>\n<p style=\"text-align: justify\"><span style=\"font-size: 14pt\"><strong>&#8222;<em>To us, CSR isn\u00d5t a strategy, a business objective or a brand initiative\u00d1it\u00d5s a necessity, not only for us but even more so for the world around us.&#8220;\u00ca<\/em><\/strong><\/span><\/p>\n<p><img loading=\"lazy\" decoding=\"async\" class=\"aligncenter wp-image-12866 size-full\" title=\"style-appetite-fokus-nachhaltigkeit-blanche\" src=\"https:\/\/storage.googleapis.com\/stateless-styleappetite-com\/2019\/08\/collage-02-2.jpg\" alt=\"\" width=\"1920\" height=\"1200\" \/><\/p>\n<p style=\"text-align: justify\"><span style=\"font-size: 14pt\">Die Designs stammen somit aus Kopenhagen und die Kleidungsstuecke werden aus nachhaltiger Produktion gefertigt, wobei die Mehrheit entweder organisch, GOTS-zertifiziert oder \u0086berschuss aus vergangenen Produktionen ist. Einen Blick auf die kommende Kollektion kaennt ihr uebrigens <a href=\"https:\/\/www.journelles.de\/cphfw-brogger-ganni-ss20\/\" target=\"_blank\" rel=\"nofollow noopener noreferrer\">in diesem Post von Journelles<\/a> werfen. Ein absolutes Highlight von der Kopenhagen Fashion Week, oder?<\/span><\/p>\n<p style=\"text-align: justify\"><span style=\"font-size: 14pt\"><em>Ich trage: <a href=\"http:\/\/blanchecph.com\/\" target=\"_blank\" rel=\"nofollow noopener noreferrer\">Blanche Cph<\/a> &#8222;Disa&#8220; camelfarbener Blazer und Rock (Resort&#8217;19) | &amp;other stories Rippentop | Zara Sandaletten | Jacquemus Grande chiquito Handtasche| old C\u008eline Sonnenbrille\u00ca<\/em><\/span><\/p>\n<p><img loading=\"lazy\" decoding=\"async\" class=\"aligncenter wp-image-12868 size-full\" title=\"style-appetite-fokus-nachhaltigkeit-blanche\" src=\"https:\/\/storage.googleapis.com\/stateless-styleappetite-com\/2019\/08\/DSC_0459.jpg\" alt=\"\" width=\"1920\" height=\"2880\" \/><\/p>\n<p><img loading=\"lazy\" decoding=\"async\" class=\"aligncenter wp-image-12864 size-full\" title=\"style-appetite-fokus-nachhaltigkeit-blanche\" src=\"https:\/\/storage.googleapis.com\/stateless-styleappetite-com\/2019\/08\/20190812_092410.jpg\" alt=\"\" width=\"1920\" height=\"1440\" \/><\/p>\n<p><img loading=\"lazy\" decoding=\"async\" class=\"aligncenter wp-image-12863 size-full\" title=\"style-appetite-fokus-nachhaltigkeit-blanche\" src=\"https:\/\/storage.googleapis.com\/stateless-styleappetite-com\/2019\/08\/20190812_091805.jpg\" alt=\"\" width=\"1920\" height=\"2369\" \/><\/p>\n<p><img loading=\"lazy\" decoding=\"async\" class=\"aligncenter wp-image-12854 size-full\" title=\"style-appetite-fokus-nachhaltigkeit-blanche\" src=\"https:\/\/storage.googleapis.com\/stateless-styleappetite-com\/2019\/08\/DSC_0495.jpg\" alt=\"\" width=\"1920\" height=\"2880\" \/><\/p>\n<p><img loading=\"lazy\" decoding=\"async\" class=\"aligncenter wp-image-12865 size-full\" title=\"style-appetite-fokus-nachhaltigkeit-blanche\" src=\"https:\/\/storage.googleapis.com\/stateless-styleappetite-com\/2019\/08\/collage-01-2.jpg\" alt=\"\" width=\"1920\" height=\"1200\" \/><\/p>\n<p><img loading=\"lazy\" decoding=\"async\" class=\"aligncenter wp-image-12847 size-full\" title=\"style-appetite-fokus-nachhaltigkeit-blanche\" src=\"https:\/\/storage.googleapis.com\/stateless-styleappetite-com\/2019\/08\/DSC_0465.jpg\" alt=\"\" width=\"1920\" height=\"2880\" \/><\/p>\n<p><img loading=\"lazy\" decoding=\"async\" class=\"aligncenter wp-image-12846 size-full\" title=\"style-appetite-fokus-nachhaltigkeit-blanche\" src=\"https:\/\/storage.googleapis.com\/stateless-styleappetite-com\/2019\/08\/DSC_0460.jpg\" alt=\"\" width=\"1920\" height=\"2880\" \/><\/p>\n","protected":false},"excerpt":{"rendered":"","protected":false},"author":2,"featured_media":39172,"comment_status":"open","ping_status":"open","sticky":false,"template":"","format":"standard","meta":{"_acf_changed":false,"footnotes":""},"categories":[4008],"tags":[],"class_list":["post-42057","post","type-post","status-publish","format-standard","has-post-thumbnail","hentry","category-fashion-de","generate-columns","tablet-grid-50","mobile-grid-100","grid-parent","grid-33","no-featured-image-padding"],"acf":[],"_links":{"self":[{"href":"https:\/\/styleappetite.com\/de\/wp-json\/wp\/v2\/posts\/42057"}],"collection":[{"href":"https:\/\/styleappetite.com\/de\/wp-json\/wp\/v2\/posts"}],"about":[{"href":"https:\/\/styleappetite.com\/de\/wp-json\/wp\/v2\/types\/post"}],"author":[{"embeddable":true,"href":"https:\/\/styleappetite.com\/de\/wp-json\/wp\/v2\/users\/2"}],"replies":[{"embeddable":true,"href":"https:\/\/styleappetite.com\/de\/wp-json\/wp\/v2\/comments?post=42057"}],"version-history":[{"count":0,"href":"https:\/\/styleappetite.com\/de\/wp-json\/wp\/v2\/posts\/42057\/revisions"}],"wp:featuredmedia":[{"embeddable":true,"href":"https:\/\/styleappetite.com\/de\/wp-json\/wp\/v2\/media\/39172"}],"wp:attachment":[{"href":"https:\/\/styleappetite.com\/de\/wp-json\/wp\/v2\/media?parent=42057"}],"wp:term":[{"taxonomy":"category","embeddable":true,"href":"https:\/\/styleappetite.com\/de\/wp-json\/wp\/v2\/categories?post=42057"},{"taxonomy":"post_tag","embeddable":true,"href":"https:\/\/styleappetite.com\/de\/wp-json\/wp\/v2\/tags?post=42057"}],"curies":[{"name":"wp","href":"https:\/\/api.w.org\/{rel}","templated":true}]}}