{"id":42208,"date":"2017-12-30T00:00:00","date_gmt":"2017-12-30T00:00:00","guid":{"rendered":"http:\/\/creative.styleappetite.com\/gedanken-zum-jahresende-review-plaene\/"},"modified":"2024-01-22T16:29:44","modified_gmt":"2024-01-22T16:29:44","slug":"gedanken-zum-jahresende-review-plaene","status":"publish","type":"post","link":"https:\/\/styleappetite.com\/de\/gedanken-zum-jahresende-review-plaene\/","title":{"rendered":"Gedanken Zum Jahresende | Review &amp; Plaene"},"content":{"rendered":"<p><!--more--><\/p>\n<h2>Gedanken zum Jahresende<\/h2>\n<p style=\"text-align: justify\">2017 ist nun bald Geschichte und es war bestimmt kein leichtes Jahr. Ich wei\u00a7 nicht ob es nur mir so geht, aber die vergangenen 12 Monate vergingen doch extrem schnell wobei ich auch nicht allzu traurig darueber bin um ehrlich zu sein. Und auch wenn es viele schaene Erinnerungen gibt, so hat es doch vor allem Kraft gekostet und das Jahr hat doch ziemlich an mir \u00e3gezerrt\u00d2. Selten war ich in meinem direkten Umfeld von solch vielen gesundheitlichen Problem betroffen und selten habe ich mich so hilflos gefuehlt. Zwischenzeitlich habe ich wirklich ueberlegt das Bloggen aufzugeben und meinen Job hinzuschmei\u00a7en. Einfach alles aufzugeben, weil vieles so unbedeutend schien. Doch als etwas kopflastiger Mensch brachte ich beide Entschluesse (zum Glueck) nicht uebers Herz. Trotzdem war mir klar, dass sich Dinge aendern muessen. Was das im Detail bedeutet, erfahrt ihr weiter unten. Aber zunaechst, lasst uns einen kurzen Blick auf das vergangene Jahr werfen und \u00d0 versprochen \u00d0 es wird keine ellenlange Review sondern eher ein \u00e3Fotobuch\u00d2 der letzten 12 Monate. \ud83d\ude42<\/p>\n<p style=\"text-align: justify\"><em>++\u0086brigens: (fast) alle Bilder sind klickbar, dann gelangt ihr direkt nochmal zum jeweiligen Blogpost. ++<\/em><\/p>\n<h2 style=\"text-align: justify\">REVIEW | JANUAR BIS MAI<\/h2>\n<p style=\"text-align: justify\">Das Jahr begann gleich turbulent mit der <strong>Fashion Week<\/strong> im <a href=\"http:\/\/styleappetite.com\/mbfw-fashion-week-berlin-review\/\" target=\"_blank\" rel=\"noopener noreferrer\">Januar<\/a>. Neben den Events habe ich hier am meisten die Treffen mit meiner lieben Kathi <a href=\"http:\/\/meetthehappygirl.com\/\" target=\"_blank\" rel=\"noopener noreferrer\">(Meet the Happy Girl)<\/a> und Michaela <a href=\"https:\/\/www.instagram.com\/foxytrash\/\" target=\"_blank\" rel=\"noopener noreferrer\">(Foxytrash)<\/a> in Erinnerung. Beide sind mir in diesem Jahr unglaublich ans Herz gewachsen und haben mich ueberzeugt, dass es so tolle, ehrliche Bloggermaedels da drau\u00a7en gibt.\u00ca?<br \/>\nAnsonsten freute ich mich ueber <strong>Veraeffentlichungen<\/strong> von Style Appetite im <em>Bloglight Magazine<\/em> sowie eine TV-Ausstrahlung auf <em>Vox \u00e3Prominent\u00d2<\/em>. Somit war auch der erste <strong>Blog-Geburtstag<\/strong> ein toller Erfolg und motivierte mich, weiterhin dem Bloggen und Fotografieren nachzugehen. Dazu kam auch meine Zusammenarbeit mit dem Schmuck- und Accessoire-Label Stilnest, mit dem ich eine <strong>limitierte Blogger-Kollektion<\/strong> und <a href=\"http:\/\/styleappetite.com\/stilnest-squad-berlin-edition\/\" target=\"_blank\" rel=\"noopener noreferrer\">mein eigenes Handy-Case<\/a> entwarf. Auch die Organisation der <a href=\"http:\/\/styleappetite.com\/party-planner-baby-shower\/\" target=\"_blank\" rel=\"noopener noreferrer\">Babyparty <\/a>einer lieben Freundin war ein tolles Event im April, dass mich mit Stolz erfuellte und unglaublich Spa\u00a7 machte.<br \/>\nNur einige Tage spaeter geriet meine und unsere Welt dann aus den Fugen. Ein Unfall im nahesten Familienkreis fuehrte dazu, dass ich erst einmal abwesend war und auf unbestimmte Zeit eine <strong>Blogpause<\/strong> einlegte. Ich bin und war schon immer ein Familienmensch und dieser Rueckschlag zeigte mir nochmals, dass alles unbedeutend ist wenn es Familie, Partner und Freunden nicht gut geht. Daher zog ich mich im Mai erst einmal zurueck\u00c9 .<\/p>\n<p><a href=\"http:\/\/styleappetite.com\/mbfw-fashion-week-berlin-review\/\" target=\"_blank\" rel=\"noopener noreferrer\"><img loading=\"lazy\" decoding=\"async\" class=\"aligncenter wp-image-5338 size-full\" src=\"https:\/\/storage.googleapis.com\/stateless-styleappetite-com\/2017\/01\/Unbenannt-2-3.jpg\" alt=\"\" width=\"1920\" height=\"1025\" \/><\/a><\/p>\n<p><img loading=\"lazy\" decoding=\"async\" class=\"alignleft wp-image-5610\" src=\"https:\/\/storage.googleapis.com\/stateless-styleappetite-com\/2017\/03\/3--800x1000.jpg\" alt=\"\" width=\"450\" height=\"562\" \/><\/p>\n<p><a href=\"http:\/\/styleappetite.com\/lisbon-city-guide-sightseeing-spots-food-tips\/\" target=\"_blank\" rel=\"noopener noreferrer\"><img loading=\"lazy\" decoding=\"async\" class=\"alignright wp-image-5866\" src=\"https:\/\/storage.googleapis.com\/stateless-styleappetite-com\/2017\/03\/IMG-20170320-WA0034.jpg\" alt=\"\" width=\"350\" height=\"473\" srcset=\"https:\/\/styleappetite.com\/wp-content\/uploads\/2017\/03\/IMG-20170320-WA0034.jpg 1112w, https:\/\/styleappetite.com\/wp-content\/uploads\/2017\/03\/IMG-20170320-WA0034-222x300.jpg 222w, https:\/\/styleappetite.com\/wp-content\/uploads\/2017\/03\/IMG-20170320-WA0034-757x1024.jpg 757w, https:\/\/styleappetite.com\/wp-content\/uploads\/2017\/03\/IMG-20170320-WA0034-768x1039.jpg 768w\" sizes=\"(max-width: 350px) 100vw, 350px\" \/><\/a><\/p>\n<p><img decoding=\"async\" class=\"aligncenter size-full wp-image-6149\" src=\"https:\/\/storage.googleapis.com\/stateless-styleappetite-com\/2017\/04\/IMG_20170421_191009_847.jpg\" alt=\"\" \/><\/p>\n<p><img loading=\"lazy\" decoding=\"async\" class=\"alignleft wp-image-5812\" src=\"https:\/\/storage.googleapis.com\/stateless-styleappetite-com\/2017\/03\/DSC_1512.jpg\" alt=\"\" width=\"400\" height=\"525\" srcset=\"https:\/\/styleappetite.com\/wp-content\/uploads\/2017\/03\/DSC_1512.jpg 1920w, https:\/\/styleappetite.com\/wp-content\/uploads\/2017\/03\/DSC_1512-229x300.jpg 229w, https:\/\/styleappetite.com\/wp-content\/uploads\/2017\/03\/DSC_1512-780x1024.jpg 780w, https:\/\/styleappetite.com\/wp-content\/uploads\/2017\/03\/DSC_1512-768x1008.jpg 768w, https:\/\/styleappetite.com\/wp-content\/uploads\/2017\/03\/DSC_1512-1170x1536.jpg 1170w, https:\/\/styleappetite.com\/wp-content\/uploads\/2017\/03\/DSC_1512-1560x2048.jpg 1560w\" sizes=\"(max-width: 400px) 100vw, 400px\" \/><\/p>\n<p><img loading=\"lazy\" decoding=\"async\" class=\"aligncenter wp-image-5648\" src=\"https:\/\/storage.googleapis.com\/stateless-styleappetite-com\/2017\/03\/DSC_1138.jpg\" alt=\"\" width=\"400\" height=\"553\" \/><\/p>\n<p><img decoding=\"async\" class=\"aligncenter size-full wp-image-6137\" src=\"https:\/\/storage.googleapis.com\/stateless-styleappetite-com\/2017\/04\/VOX-Screenshot-Styleappetite.jpg\" alt=\"\" \/><\/p>\n<p><img loading=\"lazy\" decoding=\"async\" class=\"alignleft wp-image-6138\" src=\"https:\/\/storage.googleapis.com\/stateless-styleappetite-com\/2017\/04\/Bloglightmag-Februar2017.jpg\" alt=\"\" width=\"400\" height=\"579\" \/><\/p>\n<p><a href=\"http:\/\/styleappetite.com\/casual-jeans-tshirt-look-with-v-neck-pumps\" target=\"_blank\" rel=\"noopener noreferrer\"><img loading=\"lazy\" decoding=\"async\" class=\"alignright wp-image-6107\" src=\"https:\/\/storage.googleapis.com\/stateless-styleappetite-com\/2017\/04\/DSC_6998-2-1.jpg\" alt=\"\" width=\"400\" height=\"599\" \/><\/a><\/p>\n<p><a href=\"http:\/\/styleappetite.com\/bell-sleeve-coat-favorite-spring-trends\/\" target=\"_blank\" rel=\"noopener noreferrer\"><img loading=\"lazy\" decoding=\"async\" class=\"aligncenter wp-image-6032 size-full\" src=\"https:\/\/storage.googleapis.com\/stateless-styleappetite-com\/2017\/04\/DSC_6441-2.jpg\" alt=\"\" width=\"1920\" height=\"2165\" \/><\/a><\/p>\n<p><img loading=\"lazy\" decoding=\"async\" class=\"alignleft wp-image-5956\" src=\"https:\/\/storage.googleapis.com\/stateless-styleappetite-com\/2017\/04\/DSC_0369-kl.jpg\" alt=\"\" width=\"400\" height=\"315\" srcset=\"https:\/\/styleappetite.com\/wp-content\/uploads\/2017\/04\/DSC_0369-kl.jpg 1920w, https:\/\/styleappetite.com\/wp-content\/uploads\/2017\/04\/DSC_0369-kl-300x237.jpg 300w, https:\/\/styleappetite.com\/wp-content\/uploads\/2017\/04\/DSC_0369-kl-1024x807.jpg 1024w, https:\/\/styleappetite.com\/wp-content\/uploads\/2017\/04\/DSC_0369-kl-768x606.jpg 768w, https:\/\/styleappetite.com\/wp-content\/uploads\/2017\/04\/DSC_0369-kl-1536x1211.jpg 1536w\" sizes=\"(max-width: 400px) 100vw, 400px\" \/><\/p>\n<p><a href=\"http:\/\/styleappetite.com\/stilnest-squad-berlin-edition\/\" target=\"_blank\" rel=\"noopener noreferrer\"><img loading=\"lazy\" decoding=\"async\" class=\"alignright wp-image-6299\" src=\"https:\/\/storage.googleapis.com\/stateless-styleappetite-com\/2017\/05\/1.jpg\" alt=\"\" width=\"400\" height=\"401\" \/><\/a><\/p>\n<p>&nbsp;<\/p>\n<p><img loading=\"lazy\" decoding=\"async\" class=\"aligncenter wp-image-6253 size-medium\" src=\"https:\/\/storage.googleapis.com\/stateless-styleappetite-com\/2017\/05\/IMG_20170507_173044_123-800x1000.jpg\" alt=\"\" width=\"800\" height=\"1000\" \/><\/p>\n<h2>review | Juni bis Dezember<\/h2>\n<p style=\"text-align: justify\">Waehrend meiner Abwesenheit und Blogpause wollte ich wie gesagt am liebsten alles abbrechen und nichts mehr tun. Doch mir wurde auch klar, dass es keinem weiterhilft, wenn ich alles aufgebe. Und nachdem ich meine Arbeit wieder aufgenommen hatte, merkte ich auch, wie sehr ich den Blog vermisse. Passend zu meiner Wiederkehr freute ich mich daher besonders ueber meine erste richtige <strong>Travel-Kooperation<\/strong>, zu der es nach <strong>London<\/strong> ging<a href=\"http:\/\/styleappetite.com\/london-city-trip-mit-fg-properties\/\" target=\"_blank\" rel=\"noopener noreferrer\"> im Juni<\/a>. \u0086ber meinen Geburtstag verbrachten wir hier ein paar wunderbare Tage. Der anschlie\u00a7ende Sommer zog gefuehlt superschnell an mir vorbei, was wohl auch an dem regnerischen und abwechslungsreichen Wetter lag.<\/p>\n<p style=\"text-align: justify\">Auch die <strong>Berlin Fashion Week<\/strong> war mal wieder ein Highlight und vor allem das Wiedersehen\/ Kennenlernen mit Kathi, Michaela und Tori <a href=\"http:\/\/styleappetite.com\/berlin-fashion-week-ss18-review\/\" target=\"_blank\" rel=\"noopener noreferrer\">blieb mir besonders in Erinnerung<\/a>. Au\u00a7erdem wurde Style Appetite als einer der <em>\u00e3Top 15 Fashionblogger die man sich merken sollte\u00d2<\/em> von Blogfoster Academy ausgerufen. Neben einigen entspannten Tagen an der <a href=\"http:\/\/styleappetite.com\/travel-weekend-trip-an-die-ostsee-rostock-warnemuende\/\" target=\"_blank\" rel=\"noopener noreferrer\">Ostsee <\/a>und viel Familienzeit stand au\u00a7erdem noch die \u00ca<strong>Bread &amp; Butter<\/strong> <a href=\"http:\/\/styleappetite.com\/event-review-bread-butter-berlin-2017\/\" target=\"_blank\" rel=\"noopener noreferrer\">Lifestyle-Messe<\/a> auf dem Programm. Auch die blieb mir vor allem wegen meiner Maedels\u00ca <a href=\"https:\/\/www.instagram.com\/andukae\/\" target=\"_blank\" rel=\"noopener noreferrer\">Anduka <\/a>und <a href=\"http:\/\/www.florafallue.com\" target=\"_blank\" rel=\"noopener noreferrer\">Janine <\/a>in Erinnerung. \ud83d\ude42 Dann verabschiedete ich mich in die Sommerpause und <a href=\"http:\/\/styleappetite.com\/mallorca-hotel-empfehlung-holiday-outfits\/\" target=\"_blank\" rel=\"noopener noreferrer\">unseren Urlaub <\/a>auf <strong>Mallorca<\/strong>, der unglaublich schaen war und dringend naetig war. Traumhafte Straende, leckeres Essen und ein nicht-vorhandenes Zeitgefuehl waren die Kraenung.<\/p>\n<p style=\"text-align: justify\">Als wir wiederkehrten, hatte der Herbst schon Einzug gehalten und dieses Jahr hatten wir wirklich Glueck, da uns ein Goldener Herbst erwartete. Neben dem ueblichen Arbeitsalltag freuten wir uns dann auf ein langes <a href=\"http:\/\/styleappetite.com\/hamburg-weekend-guide-fall-outfits\/\" target=\"_blank\" rel=\"noopener noreferrer\">Wellness-Wochenende <\/a>in <strong>Hamburg<\/strong>. Gerade im Herbst fanden au\u00a7erdem zahlreiche <strong>Blogger-Events und Kooperationen<\/strong> statt, sodass ich ziemlich \u00e3busy\u00d2 mit dem Jonglieren von Arbeitsalltag, Blog und Familie sowie Freizeit war. Gluecklicherweise konnten wir noch eine kurze Auszeit in <strong>Barcelona<\/strong> nehmen, <a href=\"http:\/\/styleappetite.com\/barcelona-im-winter-weekend-city-guide\/\" target=\"_blank\" rel=\"noopener noreferrer\">um den goldenen Herbst zu verlaengern<\/a>. Und nicht zuletzt stand dann schon der Dezember und die Weihnachtsvorbereitungen vor der Tuer. Au\u00a7erdem entschwand ich nochmal fuer ein <strong>Xmas-Wochenende nach London<\/strong> und das dortige Lichter-Meer <a href=\"http:\/\/styleappetite.com\/weihnachtszeit-in-london\/\" target=\"_blank\" rel=\"noopener noreferrer\">steigerte nochmal die Vorfreude <\/a>auf die Weihnachtszeit.<\/p>\n<p><a href=\"http:\/\/styleappetite.com\/london-travel-guide-food-sightseeing-blogger-instagram-hot-spots\" target=\"_blank\" rel=\"noopener noreferrer\"><img loading=\"lazy\" decoding=\"async\" class=\"aligncenter wp-image-6444 size-full\" src=\"https:\/\/storage.googleapis.com\/stateless-styleappetite-com\/2017\/06\/201706121551235300.jpg\" alt=\"\" width=\"1920\" height=\"2727\" \/><\/a><\/p>\n<p><img loading=\"lazy\" decoding=\"async\" class=\"alignleft wp-image-6438\" src=\"https:\/\/storage.googleapis.com\/stateless-styleappetite-com\/2017\/06\/IMG_20170612_173232_796.jpg\" alt=\"\" width=\"350\" height=\"420\" \/><\/p>\n<p><img loading=\"lazy\" decoding=\"async\" class=\"alignright wp-image-6355\" src=\"https:\/\/storage.googleapis.com\/stateless-styleappetite-com\/2017\/06\/DSC_9858.jpg\" alt=\"\" width=\"470\" height=\"400\" \/><\/p>\n<p>&nbsp;<\/p>\n<p><img decoding=\"async\" class=\"aligncenter size-full wp-image-6750\" src=\"https:\/\/storage.googleapis.com\/stateless-styleappetite-com\/2017\/07\/DSC_0979.jpg\" alt=\"\" \/><\/p>\n<p><a href=\"http:\/\/styleappetite.com\/interior-home-office-hacks-interior-tips\/\" target=\"_blank\" rel=\"noopener noreferrer\"><img loading=\"lazy\" decoding=\"async\" class=\"alignleft wp-image-6491\" src=\"https:\/\/storage.googleapis.com\/stateless-styleappetite-com\/2017\/06\/201706181951838304.jpg\" alt=\"\" width=\"430\" height=\"430\" \/><\/a><\/p>\n<p><img loading=\"lazy\" decoding=\"async\" class=\"alignright wp-image-6719\" src=\"https:\/\/storage.googleapis.com\/stateless-styleappetite-com\/2017\/07\/weekly-review-july-3-beach2.jpeg\" alt=\"\" width=\"350\" height=\"622\" \/><\/p>\n<p><a href=\"http:\/\/styleappetite.com\/berlin-fashion-week-ss18-review\/\" target=\"_blank\" rel=\"noopener noreferrer\"><img loading=\"lazy\" decoding=\"async\" class=\"aligncenter wp-image-6615 size-full\" src=\"https:\/\/storage.googleapis.com\/stateless-styleappetite-com\/2017\/07\/DSC_0924.jpg\" alt=\"\" width=\"1920\" height=\"2503\" \/><\/a><\/p>\n<p><img loading=\"lazy\" decoding=\"async\" class=\"alignleft wp-image-6623\" src=\"https:\/\/storage.googleapis.com\/stateless-styleappetite-com\/2017\/07\/2017-07-08-02.58.34-1-01.jpeg\" alt=\"\" width=\"350\" height=\"622\" \/><\/p>\n<p><img loading=\"lazy\" decoding=\"async\" class=\"alignright wp-image-6792\" src=\"https:\/\/storage.googleapis.com\/stateless-styleappetite-com\/2017\/08\/DSC_0149.jpg\" alt=\"\" width=\"440\" height=\"623\" \/><\/p>\n<p><a href=\"http:\/\/styleappetite.com\/berlin-fashion-week-ss18-review\" target=\"_blank\" rel=\"noopener noreferrer\"><img loading=\"lazy\" decoding=\"async\" class=\"aligncenter wp-image-6606 size-full\" src=\"https:\/\/storage.googleapis.com\/stateless-styleappetite-com\/2017\/07\/20170705_182549.jpg\" alt=\"\" width=\"1920\" height=\"1312\" \/><\/a><\/p>\n<p><img loading=\"lazy\" decoding=\"async\" class=\"alignleft wp-image-6818\" src=\"https:\/\/storage.googleapis.com\/stateless-styleappetite-com\/2017\/08\/z-5-800x1123.jpg\" alt=\"style-appetite-weekly-review-august-2\" width=\"390\" height=\"548\" \/><\/p>\n<p><a href=\"http:\/\/styleappetite.com\/ahoi-ostsee-maritimer-look-mit-volantsrock\/\" target=\"_blank\" rel=\"noopener noreferrer\"><img loading=\"lazy\" decoding=\"async\" class=\"alignright wp-image-6903\" src=\"https:\/\/storage.googleapis.com\/stateless-styleappetite-com\/2017\/09\/DSC_0203.jpg\" alt=\"\" width=\"400\" height=\"537\" \/><\/a><\/p>\n<p><a href=\"http:\/\/styleappetite.com\/sommer-in-berlin-gingham-shorts-chanel\/\" target=\"_blank\" rel=\"noopener noreferrer\"><img loading=\"lazy\" decoding=\"async\" class=\"aligncenter wp-image-6799 size-full\" src=\"https:\/\/storage.googleapis.com\/stateless-styleappetite-com\/2017\/08\/DSC_9988-2.jpg\" alt=\"\" width=\"1920\" height=\"2454\" \/><\/a><\/p>\n<p><a href=\"http:\/\/styleappetite.com\/weekly-review-november-2-2017\" target=\"_blank\" rel=\"noopener noreferrer\"><img loading=\"lazy\" decoding=\"async\" class=\"aligncenter wp-image-7016 size-medium\" src=\"https:\/\/storage.googleapis.com\/stateless-styleappetite-com\/2017\/09\/DSC_0593-800x1216.jpg\" alt=\"\" width=\"800\" height=\"1216\" \/><\/a><\/p>\n<p><img loading=\"lazy\" decoding=\"async\" class=\"alignleft wp-image-6981\" src=\"https:\/\/storage.googleapis.com\/stateless-styleappetite-com\/2017\/09\/YAHOO-STYLE-Dtl.-Tina-Style-Appetite.png\" alt=\"\" width=\"400\" height=\"600\" \/><\/p>\n<p><img loading=\"lazy\" decoding=\"async\" class=\"alignright wp-image-7918\" src=\"https:\/\/storage.googleapis.com\/stateless-styleappetite-com\/2017\/12\/Screenshot_20170903-201327-800x1422.png\" alt=\"\" width=\"400\" height=\"711\" \/><\/p>\n<p><a href=\"http:\/\/styleappetite.com\/event-review-bread-butter-berlin-2017\" target=\"_blank\" rel=\"noopener noreferrer\"><img loading=\"lazy\" decoding=\"async\" class=\"aligncenter wp-image-6943 size-full\" src=\"https:\/\/storage.googleapis.com\/stateless-styleappetite-com\/2017\/09\/z5-bearb.jpg\" alt=\"\" width=\"1920\" height=\"1360\" \/><\/a><\/p>\n<p><a href=\"http:\/\/styleappetite.com\/weekly-review-september-2-2017\/\" target=\"_blank\" rel=\"noopener noreferrer\"><img loading=\"lazy\" decoding=\"async\" class=\"aligncenter wp-image-6993 size-full\" src=\"https:\/\/storage.googleapis.com\/stateless-styleappetite-com\/2017\/09\/E92A9368.jpg\" alt=\"\" width=\"1920\" height=\"2880\" \/><\/a><\/p>\n<p><a href=\"http:\/\/styleappetite.com\/find-me-by-the-pool\/\" target=\"_blank\" rel=\"noopener noreferrer\"><img loading=\"lazy\" decoding=\"async\" class=\"alignleft wp-image-7261\" src=\"https:\/\/storage.googleapis.com\/stateless-styleappetite-com\/2017\/10\/DSC_0031.jpg\" alt=\"\" width=\"390\" height=\"585\" \/><\/a><\/p>\n<p><a href=\"http:\/\/styleappetite.com\/find-me-by-the-pool\/\" target=\"_blank\" rel=\"noopener noreferrer\"><img loading=\"lazy\" decoding=\"async\" class=\"alignright wp-image-7209\" src=\"https:\/\/storage.googleapis.com\/stateless-styleappetite-com\/2017\/10\/2017-09-30-03.56.51-2-800x1200.jpg\" alt=\"\" width=\"400\" height=\"600\" \/><\/a><\/p>\n<p><a href=\"http:\/\/styleappetite.com\/oktober-favoriten-outfits-events-plaene\" target=\"_blank\" rel=\"noopener noreferrer\"><img loading=\"lazy\" decoding=\"async\" class=\"aligncenter wp-image-7238 size-full\" src=\"https:\/\/storage.googleapis.com\/stateless-styleappetite-com\/2017\/10\/u-header-2.jpg\" alt=\"\" width=\"1920\" height=\"1606\" \/><\/a><\/p>\n<p><img loading=\"lazy\" decoding=\"async\" class=\"aligncenter wp-image-7246\" src=\"https:\/\/storage.googleapis.com\/stateless-styleappetite-com\/2017\/10\/2017-10-01-05.02.13-1-1-800x1150.jpg\" alt=\"\" width=\"600\" height=\"863\" \/><\/p>\n<p><a href=\"http:\/\/styleappetite.com\/mallorca-valldemossa-son-marroig\/\" target=\"_blank\" rel=\"noopener noreferrer\"><img loading=\"lazy\" decoding=\"async\" class=\"aligncenter wp-image-7155 size-full\" src=\"https:\/\/storage.googleapis.com\/stateless-styleappetite-com\/2017\/10\/2017-09-29-09.45.40-1-01.jpeg\" alt=\"\" width=\"1920\" height=\"1280\" \/><\/a><\/p>\n<p><a href=\"http:\/\/styleappetite.com\/red-lace-dress-in-cala-figuera-mallorca\/\" target=\"_blank\" rel=\"noopener noreferrer\"><img loading=\"lazy\" decoding=\"async\" class=\"alignleft wp-image-7101\" src=\"https:\/\/storage.googleapis.com\/stateless-styleappetite-com\/2017\/10\/DSC_0619.jpg\" alt=\"\" width=\"470\" height=\"638\" \/><\/a><\/p>\n<p><a href=\"http:\/\/styleappetite.com\/oktober-favoriten-outfits-events-plaene\/\" target=\"_blank\" rel=\"noopener noreferrer\"><img loading=\"lazy\" decoding=\"async\" class=\"alignright wp-image-7064\" src=\"https:\/\/storage.googleapis.com\/stateless-styleappetite-com\/2017\/10\/2017-09-27-04.36.17-1.jpg\" alt=\"\" width=\"350\" height=\"622\" \/><\/a><\/p>\n<p><a href=\"http:\/\/styleappetite.com\/cozy-knit-glencheck-skirt\/\" target=\"_blank\" rel=\"noopener noreferrer\"><img loading=\"lazy\" decoding=\"async\" class=\"aligncenter wp-image-7290 size-full\" src=\"https:\/\/storage.googleapis.com\/stateless-styleappetite-com\/2017\/10\/2017-10-03-02.29.18-1.jpg\" alt=\"\" width=\"1920\" height=\"2270\" \/><\/a><\/p>\n<p><img loading=\"lazy\" decoding=\"async\" class=\"alignleft wp-image-7361\" src=\"https:\/\/storage.googleapis.com\/stateless-styleappetite-com\/2017\/10\/z8-.jpg\" alt=\"\" width=\"400\" height=\"500\" \/><\/p>\n<p><img loading=\"lazy\" decoding=\"async\" class=\"alignright wp-image-7542\" src=\"https:\/\/storage.googleapis.com\/stateless-styleappetite-com\/2017\/11\/DSC_9654.jpg\" alt=\"\" width=\"400\" height=\"562\" \/><img decoding=\"async\" class=\"aligncenter size-full wp-image-7376\" src=\"https:\/\/storage.googleapis.com\/stateless-styleappetite-com\/2017\/10\/2017-10-20-09.59.42-1.jpg\" alt=\"\" \/><\/p>\n<p><img loading=\"lazy\" decoding=\"async\" class=\"aligncenter wp-image-7456\" src=\"https:\/\/storage.googleapis.com\/stateless-styleappetite-com\/2017\/11\/DSC_0385.jpg\" alt=\"\" width=\"600\" height=\"900\" \/><\/p>\n<p><a href=\"http:\/\/styleappetite.com\/xmas-look-mit-checkered-pants-mein-wunschzettel\/\" target=\"_blank\" rel=\"noopener noreferrer\"><img loading=\"lazy\" decoding=\"async\" class=\"alignleft wp-image-7691\" src=\"https:\/\/storage.googleapis.com\/stateless-styleappetite-com\/2017\/12\/DSC_0129.jpg\" alt=\"\" width=\"400\" height=\"600\" \/><\/a><\/p>\n<h3><img loading=\"lazy\" decoding=\"async\" class=\"alignright wp-image-7854\" src=\"https:\/\/storage.googleapis.com\/stateless-styleappetite-com\/2017\/12\/201712202062609269.jpg\" alt=\"\" width=\"390\" height=\"585\" \/><\/h3>\n<p><img loading=\"lazy\" decoding=\"async\" class=\"aligncenter wp-image-7858 size-medium\" src=\"https:\/\/storage.googleapis.com\/stateless-styleappetite-com\/2017\/12\/2017-12-10-07.43.39-1-bearb-800x1051.jpg\" alt=\"\" width=\"800\" height=\"1051\" \/><\/p>\n<h3>Most-liked Instagram Pic<\/h3>\n<p>Auch wenn ich zeischenzeitlich wieder vom Business- zum privaten Profil gewechselt bin, so war dieses Foto doch eindeutig das beliebteste hinsichtlich Likes und Impressionen auf <a href=\"https:\/\/www.instagram.com\/styleappetite\/\" target=\"_blank\" rel=\"noopener noreferrer\">Instagram<\/a>. Und wieder einmal war ich ueberrascht, denn es bestaetigt die These dass die spontanen Schnappschuesse anscheinend doch beliebter sind als professionelle, mit der Spiegelreflex geshootete Outfits. \ud83d\ude09<\/p>\n<p><a href=\"https:\/\/www.instagram.com\/styleappetite\/\" target=\"_blank\" rel=\"noopener noreferrer\"><img loading=\"lazy\" decoding=\"async\" class=\"aligncenter wp-image-5500\" src=\"https:\/\/storage.googleapis.com\/stateless-styleappetite-com\/2017\/02\/5-1-e1487936075257.jpg\" alt=\"\" width=\"600\" height=\"773\" \/><\/a><\/p>\n<h3 style=\"text-align: justify\">Meistgeklickter Blogpost<\/h3>\n<p style=\"text-align: justify\">Der meistgeklickte Blogpost von Januar bis Dezember diesen Jahres war komischerweise ein Post aus dem vergangenen Jahr 2016. Aber das zeigt wohl, dass auch in diesem Jahr die (Gucci) Slipper noch immer ein Dauerbrenner waren und Looks mit den Loafern demzufolge sehr populaer waren <a href=\"http:\/\/styleappetite.com\/outfit-lookalike-gucci-princetown-slipper-fishnet-socks\/\" target=\"_blank\" rel=\"noopener noreferrer\">&#8211; so wie dieses Outfit<\/a>. Aber um die Statistik dann komplett zu machen fuer dieses Jahr: der Post mit den zweit-meisten Klicks war <a href=\"http:\/\/styleappetite.com\/gingham-dress-gucci-belt\/\" target=\"_blank\" rel=\"noopener noreferrer\">dieser Look mit dem Gingham Dress und dem Gucci Guertel. <\/a><\/p>\n<p><a href=\"http:\/\/styleappetite.com\/gingham-dress-gucci-belt\/\" target=\"_blank\" rel=\"noopener noreferrer\"><img loading=\"lazy\" decoding=\"async\" class=\"aligncenter wp-image-5712 size-full\" src=\"https:\/\/storage.googleapis.com\/stateless-styleappetite-com\/2017\/03\/DSC_0914.jpg\" alt=\"\" width=\"1920\" height=\"1280\" srcset=\"https:\/\/styleappetite.com\/wp-content\/uploads\/2017\/03\/DSC_0914.jpg 1920w, https:\/\/styleappetite.com\/wp-content\/uploads\/2017\/03\/DSC_0914-300x200.jpg 300w, https:\/\/styleappetite.com\/wp-content\/uploads\/2017\/03\/DSC_0914-1024x683.jpg 1024w, https:\/\/styleappetite.com\/wp-content\/uploads\/2017\/03\/DSC_0914-768x512.jpg 768w, https:\/\/styleappetite.com\/wp-content\/uploads\/2017\/03\/DSC_0914-1536x1024.jpg 1536w\" sizes=\"(max-width: 1920px) 100vw, 1920px\" \/><\/a><\/p>\n<h3 style=\"text-align: justify\">Meist-kommentierte Blogpost<\/h3>\n<p style=\"text-align: justify\">Der meistkommentierte Post in diesem Jahr war mein Look mit dem Bakerboy Hat. Allerdings war ein Grund fuer die vielen Kommentare wohl auch unsere anstehenden Ferien bzw. eine kurze Blogpause aufgrund unseren Urlaubs. Falls ihr nochmal nachlesen wollt, <a href=\"http:\/\/styleappetite.com\/baker-boy-hat-outfit-blog-urlaub\/\" target=\"_blank\" rel=\"noopener noreferrer\">geht es hier zum Post. <\/a><\/p>\n<h3>Travels &amp; Trips in 2017<\/h3>\n<p style=\"text-align: justify\">Nachdem das Jahr 2016 berufsbedingt nicht sehr viel an Reisen zulie\u00a7, wollte ich 2017 wieder mehr Staedte und Laender sehen Und ich denke, dieser Vorsatz wurde umgesetzt. \ud83d\ude42 Neben regelmae\u00a7igen Trips nach <strong>Hamburg<\/strong> zu meinen Maedels konnte ich im Maerz das erste Mal <strong>Lissabon<\/strong> kennen- und lieben lernen. Dieser Maedelsurlaub war auf jeden Fall etwas Besonderes und ich kann die portugiesische Hauptstadt wirklich nur empfehlen. <a href=\"http:\/\/styleappetite.com\/lisbon-city-guide-sightseeing-spots-food-tips\" target=\"_blank\" rel=\"noopener noreferrer\">Das Reisediary dazu findet ihr nochmals hier.<\/a><\/p>\n<p><a href=\"http:\/\/styleappetite.com\/lisbon-city-guide-sightseeing-spots-food-tips\" target=\"_blank\" rel=\"noopener noreferrer\"><img loading=\"lazy\" decoding=\"async\" class=\"aligncenter wp-image-5841 size-full\" src=\"https:\/\/storage.googleapis.com\/stateless-styleappetite-com\/2017\/03\/2017-03-23-05.43.33-1.jpg\" alt=\"\" width=\"1920\" height=\"1536\" srcset=\"https:\/\/styleappetite.com\/wp-content\/uploads\/2017\/03\/2017-03-23-05.43.33-1.jpg 1920w, https:\/\/styleappetite.com\/wp-content\/uploads\/2017\/03\/2017-03-23-05.43.33-1-300x240.jpg 300w, https:\/\/styleappetite.com\/wp-content\/uploads\/2017\/03\/2017-03-23-05.43.33-1-1024x819.jpg 1024w, https:\/\/styleappetite.com\/wp-content\/uploads\/2017\/03\/2017-03-23-05.43.33-1-768x614.jpg 768w, https:\/\/styleappetite.com\/wp-content\/uploads\/2017\/03\/2017-03-23-05.43.33-1-1536x1229.jpg 1536w\" sizes=\"(max-width: 1920px) 100vw, 1920px\" \/><\/a><\/p>\n<p style=\"text-align: justify\">Im Juni ging es dann wie gesagt nach <strong>London<\/strong> aufgrund meiner ersten richtigen Travel-Kooperation was mich sehr stolz machte und unglaublich freute. London ist und bleibt einfach eine meiner liebsten Staedte fuer einen Citytrip \u00d0 auch wegen der unglaublich <a href=\"http:\/\/styleappetite.com\/london-travel-guide-food-sightseeing-blogger-instagram-hot-spots\" target=\"_blank\" rel=\"noopener noreferrer\">tollen Fotolocations und Foodie-Maeglichkeiten.<\/a><\/p>\n<p><a href=\"http:\/\/styleappetite.com\/london-travel-guide-food-sightseeing-blogger-instagram-hot-spots\" target=\"_blank\" rel=\"noopener noreferrer\"><img loading=\"lazy\" decoding=\"async\" class=\"aligncenter wp-image-6458\" src=\"https:\/\/storage.googleapis.com\/stateless-styleappetite-com\/2017\/06\/20170612-392364832.jpg\" alt=\"\" width=\"600\" height=\"1067\" \/><\/a><\/p>\n<p style=\"text-align: justify\">Auch auf <strong>Mallorca<\/strong> war ich bereits mehrere Male aber unser Urlaub im September war unvergleichlich schaen, da sowohl <a href=\"http:\/\/styleappetite.com\/mallorca-hotel-empfehlung-holiday-outfits\/\" target=\"_blank\" rel=\"noopener noreferrer\">Hotel <\/a>als auch <a href=\"http:\/\/styleappetite.com\/mallorca-die-schoensten-straende-buchten\/\" target=\"_blank\" rel=\"noopener noreferrer\">Umgebung <\/a>traumhaft waren. Ich denke ich maechte ab sofort in keine andere Ecke mehr von Mallorca \u00d0 warum seht ihr wahrscheinlich anhand<a href=\"http:\/\/styleappetite.com\/mallorca-die-schoensten-straende-buchten\/\" target=\"_blank\" rel=\"noopener noreferrer\"> dieser Bilder<\/a>. \ud83d\ude09<\/p>\n<p><a href=\"http:\/\/styleappetite.com\/mallorca-die-schoensten-straende-buchten\/\" target=\"_blank\" rel=\"noopener noreferrer\"><img loading=\"lazy\" decoding=\"async\" class=\"aligncenter wp-image-7235\" src=\"https:\/\/storage.googleapis.com\/stateless-styleappetite-com\/2017\/10\/u-3-800x1422.jpeg\" alt=\"\" width=\"600\" height=\"1067\" \/><\/a><\/p>\n<p style=\"text-align: justify\">Nachdem ich <strong>Barcelona<\/strong> nur im Sommer kannte, war ich gespannt wie es dort wohl im November sein mag. Aber die Stadt hat zur Nebensaison definitiv noch mehr Charme und gerade die fehlenden Touristenstraeme machen sie <a href=\"http:\/\/styleappetite.com\/barcelona-im-winter-weekend-city-guide\/\" target=\"_blank\" rel=\"noopener noreferrer\"> dieser Bilder<\/a>.<\/p>\n<p><img loading=\"lazy\" decoding=\"async\" class=\"aligncenter wp-image-7760\" src=\"https:\/\/storage.googleapis.com\/stateless-styleappetite-com\/2017\/12\/2017-11-27-05.41.43-1.jpg\" alt=\"\" width=\"600\" height=\"900\" \/><\/p>\n<p style=\"text-align: justify\">Und ein weitere Favorit war auf jeden Fall <strong>London zur Weihnachtszeit<\/strong>. All die Lichter waren einfach nur magisch und<a href=\"http:\/\/styleappetite.com\/weihnachtszeit-in-london\/\" target=\"_blank\" rel=\"noopener noreferrer\"> verzauberten uns<\/a> \u00d0 ein unvergesslicher Trip trotz einiger Missgeschicke (Handy kaputt, ausgebuchte Schlittschuhbahnen, Erkaeltung, Maebel-Chaos etc. \ud83d\ude09 ).<\/p>\n<p><img loading=\"lazy\" decoding=\"async\" class=\"aligncenter wp-image-7855\" src=\"https:\/\/storage.googleapis.com\/stateless-styleappetite-com\/2017\/12\/20171220455314110.jpg\" alt=\"\" width=\"600\" height=\"696\" \/><\/p>\n<p>&nbsp;<\/p>\n<h2>W\u0086NSCHE &amp; PL\u0080NE F\u0086R DAS NEUE JAHR<\/h2>\n<p style=\"text-align: justify\"><strong>Gesundheit |<\/strong> Wie gesagt war 2017 recht turbulent und wenn mir eines klar geworden ist, dann wohl das Gesundheit einfach das Wichtigste ueberhaupt ist. Viel zu oft regt man sich doch ueber die kleinen Dinge auf und ist unzufrieden. Ich war eigentlich schon immer ein positiv in die Zukunft blickender Mensch, sodass ich bestimmt nicht den Kopf in den Sand stecken werde. Aber an Gelassenheit fehlte es mir dann doch noch an der einen oder anderen Stelle. Somit freue ich mich ueber jeden noch so kleinen positiven Fortschritt (und Genesung) und hoffe auf lange Gesundheit fuer uns alle.<\/p>\n<p style=\"text-align: justify\"><strong>Veraenderung im Job |<\/strong> Der Januar beginnt direkt mit einer Veraenderung im Job fuer mich. Denn auch wenn ich nicht das Unternehmen sondern nur das Team wechsele, hoffe ich doch auf einige spannende Entwicklungen und dass ich bald das Gefuehl habe \u00e3angekommen zu sein\u00d2. Wahrscheinlich ist das zu viel erwartet, denn ich kenne kaum jemanden, der sagt mit 27 seinen Traumjob gefunden zu haben. \ud83d\ude09 Aber zumindest hoffe ich doch, dass es ein Schritt in die richtige Richtung ist.<\/p>\n<p style=\"text-align: justify\"><strong>Zeit &amp; Reisen |<\/strong> So sehr ich auch meinen Job und einen geregelten Alltag schaetze, so sehr wei\u00a7 ich auch, dass der Beruf eigentlich nichts wert ist, wenn man nicht genuegend Zeit fuer seine Liebsten hat. Daher wuensche ich mir Zeit fuer meine Familie, meinen Partner, meine Freunde und gemeinsame Erlebnisse. Auch mal Events abzusagen, Dinge nicht wahrzunehmen, sondern stattdessen ein entspanntes Dinner oder einen Kaffee trinken mit den wichtigsten Menschen. Und nicht zuletzt: gemeinsam reisen. Mit meinem Freund, mit meiner Mum oder meinen Maedels. Einfach kleine Auszeiten schaffen.<\/p>\n<p style=\"text-align: justify\"><strong>Ich wuensche euch einen fabelhaften Start ins Neue Jahr 2018 und bedanke mich nochmal ganz besonders fuer euren lieben Support in diesem Jahr. ?<\/strong><\/p>\n<p><span style=\"border-radius: 2px;text-indent: 20px;width: auto;padding: 0px 4px 0px 0px;text-align: center;font: bold 11px\/20px 'Helvetica Neue',Helvetica,sans-serif;color: #ffffff;background: #bd081c no-repeat scroll 3px 50% \/ 14px 14px;position: absolute;z-index: 8675309;cursor: pointer;top: 796px;left: 20px\">Merken<\/span><\/p>\n<p><span style=\"border-radius: 2px;text-indent: 20px;width: auto;padding: 0px 4px 0px 0px;text-align: center;font: bold 11px\/20px 'Helvetica Neue',Helvetica,sans-serif;color: #ffffff;background: #bd081c no-repeat scroll 3px 50% \/ 14px 14px;position: absolute;z-index: 8675309;cursor: pointer;top: 52414px;left: 133px\">Merken<\/span><\/p>\n<p><span style=\"border-radius: 2px;text-indent: 20px;width: auto;padding: 0px 4px 0px 0px;text-align: center;font: bold 11px\/20px 'Helvetica Neue',Helvetica,sans-serif;color: #ffffff;background: #bd081c no-repeat scroll 3px 50% \/ 14px 14px;position: absolute;z-index: 8675309;cursor: pointer;top: 28524px;left: 495px\">Merken<\/span><\/p>\n<p><span style=\"border-radius: 2px;text-indent: 20px;width: auto;padding: 0px 4px 0px 0px;text-align: center;font: bold 11px\/20px 'Helvetica Neue',Helvetica,sans-serif;color: #ffffff;background: #bd081c no-repeat scroll 3px 50% \/ 14px 14px;position: absolute;z-index: 8675309;cursor: pointer;top: 30204px;left: 133px\">Merken<\/span><\/p>\n<p><span style=\"border-radius: 2px;text-indent: 20px;width: auto;padding: 0px 4px 0px 0px;text-align: center;font: bold 11px\/20px 'Helvetica Neue',Helvetica,sans-serif;color: #ffffff;background: #bd081c no-repeat scroll 3px 50% \/ 14px 14px;position: absolute;z-index: 8675309;cursor: pointer;top: 7231px;left: 33px\">Merken<\/span><\/p>\n","protected":false},"excerpt":{"rendered":"","protected":false},"author":2,"featured_media":37991,"comment_status":"open","ping_status":"open","sticky":false,"template":"","format":"standard","meta":{"_acf_changed":false,"footnotes":""},"categories":[4008],"tags":[],"class_list":["post-42208","post","type-post","status-publish","format-standard","has-post-thumbnail","hentry","category-fashion-de","generate-columns","tablet-grid-50","mobile-grid-100","grid-parent","grid-33","no-featured-image-padding"],"acf":[],"_links":{"self":[{"href":"https:\/\/styleappetite.com\/de\/wp-json\/wp\/v2\/posts\/42208"}],"collection":[{"href":"https:\/\/styleappetite.com\/de\/wp-json\/wp\/v2\/posts"}],"about":[{"href":"https:\/\/styleappetite.com\/de\/wp-json\/wp\/v2\/types\/post"}],"author":[{"embeddable":true,"href":"https:\/\/styleappetite.com\/de\/wp-json\/wp\/v2\/users\/2"}],"replies":[{"embeddable":true,"href":"https:\/\/styleappetite.com\/de\/wp-json\/wp\/v2\/comments?post=42208"}],"version-history":[{"count":0,"href":"https:\/\/styleappetite.com\/de\/wp-json\/wp\/v2\/posts\/42208\/revisions"}],"wp:featuredmedia":[{"embeddable":true,"href":"https:\/\/styleappetite.com\/de\/wp-json\/wp\/v2\/media\/37991"}],"wp:attachment":[{"href":"https:\/\/styleappetite.com\/de\/wp-json\/wp\/v2\/media?parent=42208"}],"wp:term":[{"taxonomy":"category","embeddable":true,"href":"https:\/\/styleappetite.com\/de\/wp-json\/wp\/v2\/categories?post=42208"},{"taxonomy":"post_tag","embeddable":true,"href":"https:\/\/styleappetite.com\/de\/wp-json\/wp\/v2\/tags?post=42208"}],"curies":[{"name":"wp","href":"https:\/\/api.w.org\/{rel}","templated":true}]}}